{"id":3716,"date":"2025-01-16T17:45:26","date_gmt":"2025-01-16T16:45:26","guid":{"rendered":"http:\/\/relifepc.fr\/?p=3716"},"modified":"2026-03-13T07:06:01","modified_gmt":"2026-03-13T06:06:01","slug":"garantie-reconditionne","status":"publish","type":"post","link":"https:\/\/relifepc.fr\/index.php\/2025\/01\/16\/garantie-reconditionne\/","title":{"rendered":"La garantie sur le reconditionn\u00e9 : Tout savoir"},"content":{"rendered":"<p>[et_pb_section fb_built=\u00a0\u00bb1&Prime; _builder_version=\u00a0\u00bb4.27.4&Prime; _module_preset=\u00a0\u00bbdefault\u00a0\u00bb global_colors_info=\u00a0\u00bb{}\u00a0\u00bb theme_builder_area=\u00a0\u00bbpost_content\u00a0\u00bb][et_pb_row _builder_version=\u00a0\u00bb4.27.4&Prime; _module_preset=\u00a0\u00bbdefault\u00a0\u00bb global_colors_info=\u00a0\u00bb{}\u00a0\u00bb theme_builder_area=\u00a0\u00bbpost_content\u00a0\u00bb][et_pb_column type=\u00a0\u00bb4_4&Prime; _builder_version=\u00a0\u00bb4.27.4&Prime; _module_preset=\u00a0\u00bbdefault\u00a0\u00bb global_colors_info=\u00a0\u00bb{}\u00a0\u00bb theme_builder_area=\u00a0\u00bbpost_content\u00a0\u00bb][et_pb_text _builder_version=\u00a0\u00bb4.27.4&Prime; _module_preset=\u00a0\u00bbdefault\u00a0\u00bb text_orientation=\u00a0\u00bbjustified\u00a0\u00bb hover_enabled=\u00a0\u00bb0&Prime; global_colors_info=\u00a0\u00bb{}\u00a0\u00bb theme_builder_area=\u00a0\u00bbpost_content\u00a0\u00bb sticky_enabled=\u00a0\u00bb0&Prime;]<\/p>\n<p><strong>La garantie sur les produits reconditionn\u00e9s a<\/strong> fait d\u00e9bat et beaucoup d&rsquo;acteurs du secteurs ne sont pas en phase avec la l\u00e9gislation fran\u00e7aise. Si les sites de e-commerce se vante de vous garantir vos produits reconditionn\u00e9s un an, sachez qu&rsquo;il ne sont pas en conformit\u00e9 ave la loi. En France, la<strong> garantie l\u00e9gale de conformit\u00e9<\/strong>,\u00a0 s\u2019applique \u00e9galement aux produits reconditionn\u00e9s. C&rsquo;est une obligation pour le distributeur ou reconditionneur de l&rsquo;appliquer !<\/p>\n<p>Contrairement aux produit neufs, son focntionnement diff\u00e8re entre la 1\u00e8re ann\u00e9e et la deuxi\u00e8me ann\u00e9e. Faisons le points sur vos droits et sur les engagements de Relife PC pour vous offrir une exp\u00e9rience d\u2019achat en toute s\u00e9r\u00e9nit\u00e9.<\/p>\n<p>&nbsp;<\/p>\n<h2><strong>Qu\u2019est-ce que la garantie l\u00e9gale de conformit\u00e9 ?<\/strong><\/h2>\n<p>Depuis le <strong>1er janvier 2022<\/strong>, la<strong> garantie l\u00e9gale de conformit\u00e9<\/strong> s\u2019applique aux <strong>produits reconditionn\u00e9s<\/strong> pour une dur\u00e9e de <strong>2 ans. <\/strong>Et ce au m\u00eame titre que pour les produits neufs. Elle prot\u00e8ge le consommateur en cas de d\u00e9faut rendant le produit impropre \u00e0 l\u2019usage attendu ou non conforme \u00e0 la description donn\u00e9e lors de l\u2019achat.<\/p>\n<h3><strong>Dur\u00e9e et droits du consommateur :<\/strong><\/h3>\n<ul>\n<li><strong>2 ans de couverture l\u00e9gale<\/strong> : Pendant cette p\u00e9riode, le vendeur est tenu de r\u00e9parer, remplacer ou rembourser le produit d\u00e9fectueux sans frais pour le consommateur. Si le produit ne tombe pas sous le coup d&rsquo;une e<strong>xclusion de garantie.<\/strong><\/li>\n<li><strong>D\u00e9fauts couverts<\/strong> : Tout probl\u00e8me existant au moment de l\u2019achat ou apparaissant dans les deux ans qui suit, sauf en cas de mauvaise utilisation ou d\u2019usure normale.<\/li>\n<\/ul>\n<p><strong>Exemple :<\/strong> Vous achetez un ordinateur reconditionn\u00e9 qui cesse de fonctionner correctement apr\u00e8s six mois. Le vendeur est dans l\u2019obligation de le r\u00e9parer ou de le remplacer sans frais. Si le probl\u00e8me n&rsquo;incombe pas d&rsquo;un d\u00e9faut d&rsquo;utilisation.<\/p>\n<p>&nbsp;<\/p>\n<h2><strong>1\u02b3\u1d49 ann\u00e9e vs 2\u1d49 ann\u00e9e : quelles diff\u00e9rences ?<\/strong><\/h2>\n<p>Bien que la <strong>garantie l\u00e9gale<\/strong> s\u2019\u00e9tende sur 2 ans, son application varie entre la 1\u02b3\u1d49 et la 2\u1d49 ann\u00e9e. Voici les diff\u00e9rences cl\u00e9s :<\/p>\n<h3><strong>Ann\u00e9e 1 : Pr\u00e9somption automatique du d\u00e9faut<\/strong><\/h3>\n<p>Pendant la premi\u00e8re ann\u00e9e, <strong>tout d\u00e9faut constat\u00e9 est pr\u00e9sum\u00e9 exister au moment de la vente<\/strong>. Le consommateur n\u2019a pas \u00e0 prouver l\u2019origine du probl\u00e8me.<\/p>\n<ul>\n<li><strong>Exemple<\/strong> : Si un ordinateur cesse de s\u2019allumer apr\u00e8s 8 mois, le vendeur est tenu de le r\u00e9parer ou de le remplacer, sans demander d\u2019expertise ou de justification.<\/li>\n<\/ul>\n<h3><strong>Ann\u00e9e 2 : Le consommateur doit prouver le d\u00e9faut initial<\/strong><\/h3>\n<p>Pour les <strong>produits reconditionn\u00e9s<\/strong>, \u00e0 partir de la 2\u1d49 ann\u00e9e, la situation change. Le consommateur doit d\u00e9sormais <strong>prouver que le d\u00e9faut existait au moment de l\u2019achat<\/strong>.<\/p>\n<ul>\n<li><strong>Ce que cela implique :<\/strong> Le vendeur peut demander une expertise ou des preuves techniques pour \u00e9tablir que le probl\u00e8me n\u2019est pas d\u00fb \u00e0 une usure normale ou \u00e0 une mauvaise utilisation.<\/li>\n<li><strong>Exemple<\/strong> : Si un probl\u00e8me de batterie survient apr\u00e8s 18 mois, vous devrez d\u00e9montrer qu\u2019il est li\u00e9 \u00e0 un d\u00e9faut initial et non \u00e0 l\u2019usure naturelle.<\/li>\n<\/ul>\n<h2><strong>Attention aux mentions trompeuses<\/strong><\/h2>\n<p>Malgr\u00e9 ces r\u00e8gles claires, certains reconditionneurs mentionnent encore une<strong> garantie l\u00e9gale limit\u00e9e \u00e0 1 an<\/strong> dans leurs conditions g\u00e9n\u00e9rales de vente. Cela est <strong>ill\u00e9gal<\/strong> et constitue une <strong>pratique commerciale trompeuse<\/strong>.<\/p>\n<h3><strong>Exemple :<\/strong><\/h3>\n<p>Une plateforme en ligne bien connue indique dans ses CGV une <strong>garantie l\u00e9gale de conformit\u00e9 de 12 mois sur les produits reconditionn\u00e9s<\/strong>. En r\u00e9alit\u00e9, la garantie de<strong> 2 ans s\u2019applique l\u00e9galement,<\/strong> et le consommateur est en droit de r\u00e9clamer une prise en charge jusqu\u2019\u00e0 la fin de cette p\u00e9riode.<\/p>\n<p>Si vous \u00eates confront\u00e9 \u00e0 une telle situation, vous pouvez signaler ces pratiques \u00e0 la <strong>DGCCRF<\/strong> (<em>Direction G\u00e9n\u00e9rale de la Concurrence, de la Consommation et de la R\u00e9pression des Fraudes<\/em>).<\/p>\n<h2><strong>Les engagements de Relife PC<\/strong><\/h2>\n<p>Chez Relife PC, nous respectons vos droits en toute transparence et simplifions vos d\u00e9marches pour vous garantir une exp\u00e9rience sereine.<\/p>\n<ol>\n<li><strong>Une garantie l\u00e9gale de conformit\u00e9 de 2 ans<\/strong> Tous nos produits reconditionn\u00e9s b\u00e9n\u00e9ficient de cette <strong>garantie<\/strong>, sans conditions cach\u00e9es ni mentions trompeuses.<\/li>\n<li><strong>Un diagnostic pour la 2\u1d49 ann\u00e9e<\/strong> Si un probl\u00e8me survient apr\u00e8s la 1\u02b3\u1d49 ann\u00e9e, notre SAV local r\u00e9alise un diagnostic pour \u00e9valuer si le d\u00e9faut est couvert par la garantie. Cela vous \u00e9vite de co\u00fbteuses d\u00e9marches d\u2019expertise.<\/li>\n<li><strong>Option Garantie S\u00e9r\u00e9nit\u00e9<\/strong> Pour ceux qui souhaitent \u00e9viter les incertitudes li\u00e9es \u00e0 l\u2019inversion de la charge de la preuve en 2\u1d49 ann\u00e9e, nous proposons une <strong>extension de garantie<\/strong> :\n<ul>\n<li>59 \u20ac pour les produits entre 299 \u20ac et 699 \u20ac.<\/li>\n<li>69 \u20ac pour les produits entre 699 \u20ac et 1099 \u20ac. Cette option couvre les pannes mat\u00e9rielles courantes, hors exclusions (chocs, oxydation, usure normale).<\/li>\n<\/ul>\n<\/li>\n<li><strong>Un SAV local et r\u00e9actif<\/strong> Contrairement \u00e0 de nombreux vendeurs, nous r\u00e9parons et rempla\u00e7ons vos produits directement depuis notre atelier \u00e0 Laval. Pas de d\u00e9lais interminables ni de produits envoy\u00e9s \u00e0 l\u2019autre bout du monde.<\/li>\n<\/ol>\n<h2><strong>Pourquoi choisir Relife PC ?<\/strong><\/h2>\n<p>En achetant chez Relife PC, vous optez pour :<\/p>\n<ul>\n<li><strong>Une transparence totale<\/strong> : Vos droits sont respect\u00e9s et clairement expliqu\u00e9s.<\/li>\n<li><strong>Une \u00e9conomie circulaire responsable<\/strong> : Nos produits sont soigneusement reconditionn\u00e9s pour offrir une seconde vie au mat\u00e9riel informatique.<\/li>\n<li><strong>Une tranquillit\u00e9 d\u2019esprit<\/strong> : Entre notre Garantie S\u00e9r\u00e9nit\u00e9 et notre SAV local, vous b\u00e9n\u00e9ficiez d\u2019un service de proximit\u00e9 rapide et efficace.<\/li>\n<\/ul>\n<p>&nbsp;<\/p>\n<p>La<strong> garantie l\u00e9gale de conformit\u00e9 est une protection essentielle pour tous les consommateurs<\/strong>. Si elle diff\u00e8re entre la 1\u02b3\u1d49 et la 2\u1d49 ann\u00e9e pour les produits reconditionn\u00e9s, Relife PC fait tout pour simplifier vos d\u00e9marches et vous offrir une couverture adapt\u00e9e \u00e0 vos besoins.<\/p>\n<p>Vous avez des questions ou souhaitez en savoir plus ? Venez nous rendre visite en magasin ou contactez-nous. Chez Relife PC, votre satisfaction est notre priorit\u00e9.<\/p>\n<p>[\/et_pb_text][\/et_pb_column][\/et_pb_row][\/et_pb_section]<\/p>\n","protected":false},"excerpt":{"rendered":"<p>La garantie sur les produits reconditionn\u00e9s a fait d\u00e9bat et beaucoup d&rsquo;acteurs du secteurs ne sont pas en phase avec la l\u00e9gislation fran\u00e7aise. Si les sites de e-commerce se vante de vous garantir vos produits reconditionn\u00e9s un an, sachez qu&rsquo;il ne sont pas en conformit\u00e9 ave la loi. En France, la garantie l\u00e9gale de conformit\u00e9,\u00a0 [&hellip;]<\/p>\n","protected":false},"author":1,"featured_media":3718,"comment_status":"open","ping_status":"open","sticky":false,"template":"","format":"standard","meta":{"_et_pb_use_builder":"on","_et_pb_old_content":"","_et_gb_content_width":"","inline_featured_image":false,"footnotes":""},"categories":[1],"tags":[],"class_list":["post-3716","post","type-post","status-publish","format-standard","has-post-thumbnail","hentry","category-non-classe"],"yoast_head":"<!-- This site is optimized with the Yoast SEO plugin v27.4 - https:\/\/yoast.com\/product\/yoast-seo-wordpress\/ -->\n<title>La garantie sur le reconditionn\u00e9 : Tout savoir - Relife PC<\/title>\n<meta name=\"description\" content=\"La garantie sur le reconditionn\u00e9 est toujours sujet \u00e0 d\u00e9bat. Faisons le point sur la garantie l\u00e9gale de conformit\u00e9 de deux ans.\" \/>\n<meta name=\"robots\" content=\"index, follow, max-snippet:-1, max-image-preview:large, max-video-preview:-1\" \/>\n<link rel=\"canonical\" href=\"https:\/\/relifepc.fr\/index.php\/2025\/01\/16\/garantie-reconditionne\/\" \/>\n<meta property=\"og:locale\" content=\"fr_FR\" \/>\n<meta property=\"og:type\" content=\"article\" \/>\n<meta property=\"og:title\" content=\"La garantie sur le reconditionn\u00e9 : Tout savoir - Relife PC\" \/>\n<meta property=\"og:description\" content=\"La garantie sur le reconditionn\u00e9 est toujours sujet \u00e0 d\u00e9bat. Faisons le point sur la garantie l\u00e9gale de conformit\u00e9 de deux ans.\" \/>\n<meta property=\"og:url\" content=\"https:\/\/relifepc.fr\/index.php\/2025\/01\/16\/garantie-reconditionne\/\" \/>\n<meta property=\"og:site_name\" content=\"Relife PC\" \/>\n<meta property=\"article:publisher\" content=\"https:\/\/www.facebook.com\/relifepclaval\" \/>\n<meta property=\"article:published_time\" content=\"2025-01-16T16:45:26+00:00\" \/>\n<meta property=\"article:modified_time\" content=\"2026-03-13T06:06:01+00:00\" \/>\n<meta property=\"og:image\" content=\"https:\/\/relifepc.fr\/wp-content\/uploads\/2025\/01\/Sans-titre1.jpeg\" \/>\n\t<meta property=\"og:image:width\" content=\"1200\" \/>\n\t<meta property=\"og:image:height\" content=\"1200\" \/>\n\t<meta property=\"og:image:type\" content=\"image\/jpeg\" \/>\n<meta name=\"author\" content=\"arezki\" \/>\n<meta name=\"twitter:card\" content=\"summary_large_image\" \/>\n<meta name=\"twitter:label1\" content=\"\u00c9crit par\" \/>\n\t<meta name=\"twitter:data1\" content=\"arezki\" \/>\n\t<meta name=\"twitter:label2\" content=\"Dur\u00e9e de lecture estim\u00e9e\" \/>\n\t<meta name=\"twitter:data2\" content=\"5 minutes\" \/>\n<script type=\"application\/ld+json\" class=\"yoast-schema-graph\">{\"@context\":\"https:\\\/\\\/schema.org\",\"@graph\":[{\"@type\":\"Article\",\"@id\":\"https:\\\/\\\/relifepc.fr\\\/index.php\\\/2025\\\/01\\\/16\\\/garantie-reconditionne\\\/#article\",\"isPartOf\":{\"@id\":\"https:\\\/\\\/relifepc.fr\\\/index.php\\\/2025\\\/01\\\/16\\\/garantie-reconditionne\\\/\"},\"author\":{\"name\":\"arezki\",\"@id\":\"https:\\\/\\\/www.relifepc.fr\\\/#\\\/schema\\\/person\\\/005f999fdf814e3309d74b0b01dc5678\"},\"headline\":\"La garantie sur le reconditionn\u00e9 : Tout savoir\",\"datePublished\":\"2025-01-16T16:45:26+00:00\",\"dateModified\":\"2026-03-13T06:06:01+00:00\",\"mainEntityOfPage\":{\"@id\":\"https:\\\/\\\/relifepc.fr\\\/index.php\\\/2025\\\/01\\\/16\\\/garantie-reconditionne\\\/\"},\"wordCount\":1069,\"commentCount\":0,\"image\":{\"@id\":\"https:\\\/\\\/relifepc.fr\\\/index.php\\\/2025\\\/01\\\/16\\\/garantie-reconditionne\\\/#primaryimage\"},\"thumbnailUrl\":\"https:\\\/\\\/relifepc.fr\\\/wp-content\\\/uploads\\\/2025\\\/01\\\/Sans-titre1.jpeg\",\"inLanguage\":\"fr-FR\",\"potentialAction\":[{\"@type\":\"CommentAction\",\"name\":\"Comment\",\"target\":[\"https:\\\/\\\/relifepc.fr\\\/index.php\\\/2025\\\/01\\\/16\\\/garantie-reconditionne\\\/#respond\"]}]},{\"@type\":\"WebPage\",\"@id\":\"https:\\\/\\\/relifepc.fr\\\/index.php\\\/2025\\\/01\\\/16\\\/garantie-reconditionne\\\/\",\"url\":\"https:\\\/\\\/relifepc.fr\\\/index.php\\\/2025\\\/01\\\/16\\\/garantie-reconditionne\\\/\",\"name\":\"La garantie sur le reconditionn\u00e9 : Tout savoir - Relife PC\",\"isPartOf\":{\"@id\":\"https:\\\/\\\/www.relifepc.fr\\\/#website\"},\"primaryImageOfPage\":{\"@id\":\"https:\\\/\\\/relifepc.fr\\\/index.php\\\/2025\\\/01\\\/16\\\/garantie-reconditionne\\\/#primaryimage\"},\"image\":{\"@id\":\"https:\\\/\\\/relifepc.fr\\\/index.php\\\/2025\\\/01\\\/16\\\/garantie-reconditionne\\\/#primaryimage\"},\"thumbnailUrl\":\"https:\\\/\\\/relifepc.fr\\\/wp-content\\\/uploads\\\/2025\\\/01\\\/Sans-titre1.jpeg\",\"datePublished\":\"2025-01-16T16:45:26+00:00\",\"dateModified\":\"2026-03-13T06:06:01+00:00\",\"author\":{\"@id\":\"https:\\\/\\\/www.relifepc.fr\\\/#\\\/schema\\\/person\\\/005f999fdf814e3309d74b0b01dc5678\"},\"description\":\"La garantie sur le reconditionn\u00e9 est toujours sujet \u00e0 d\u00e9bat. Faisons le point sur la garantie l\u00e9gale de conformit\u00e9 de deux ans.\",\"breadcrumb\":{\"@id\":\"https:\\\/\\\/relifepc.fr\\\/index.php\\\/2025\\\/01\\\/16\\\/garantie-reconditionne\\\/#breadcrumb\"},\"inLanguage\":\"fr-FR\",\"potentialAction\":[{\"@type\":\"ReadAction\",\"target\":[\"https:\\\/\\\/relifepc.fr\\\/index.php\\\/2025\\\/01\\\/16\\\/garantie-reconditionne\\\/\"]}]},{\"@type\":\"ImageObject\",\"inLanguage\":\"fr-FR\",\"@id\":\"https:\\\/\\\/relifepc.fr\\\/index.php\\\/2025\\\/01\\\/16\\\/garantie-reconditionne\\\/#primaryimage\",\"url\":\"https:\\\/\\\/relifepc.fr\\\/wp-content\\\/uploads\\\/2025\\\/01\\\/Sans-titre1.jpeg\",\"contentUrl\":\"https:\\\/\\\/relifepc.fr\\\/wp-content\\\/uploads\\\/2025\\\/01\\\/Sans-titre1.jpeg\",\"width\":1200,\"height\":1200,\"caption\":\"D\u00e9couvrez nos \u00e9quipements IT reconditionn\u00e9s : une solution \u00e9conomique, \u00e9cologique et couverte par une garantie l\u00e9gale de 2 ans.\"},{\"@type\":\"BreadcrumbList\",\"@id\":\"https:\\\/\\\/relifepc.fr\\\/index.php\\\/2025\\\/01\\\/16\\\/garantie-reconditionne\\\/#breadcrumb\",\"itemListElement\":[{\"@type\":\"ListItem\",\"position\":1,\"name\":\"Accueil\",\"item\":\"https:\\\/\\\/relifepc.fr\\\/\"},{\"@type\":\"ListItem\",\"position\":2,\"name\":\"La garantie sur le reconditionn\u00e9 : Tout savoir\"}]},{\"@type\":\"WebSite\",\"@id\":\"https:\\\/\\\/www.relifepc.fr\\\/#website\",\"url\":\"https:\\\/\\\/www.relifepc.fr\\\/\",\"name\":\"Relife PC\",\"description\":\"Green is the new geek\",\"potentialAction\":[{\"@type\":\"SearchAction\",\"target\":{\"@type\":\"EntryPoint\",\"urlTemplate\":\"https:\\\/\\\/www.relifepc.fr\\\/?s={search_term_string}\"},\"query-input\":{\"@type\":\"PropertyValueSpecification\",\"valueRequired\":true,\"valueName\":\"search_term_string\"}}],\"inLanguage\":\"fr-FR\"},{\"@type\":\"Person\",\"@id\":\"https:\\\/\\\/www.relifepc.fr\\\/#\\\/schema\\\/person\\\/005f999fdf814e3309d74b0b01dc5678\",\"name\":\"arezki\",\"image\":{\"@type\":\"ImageObject\",\"inLanguage\":\"fr-FR\",\"@id\":\"https:\\\/\\\/secure.gravatar.com\\\/avatar\\\/1db5e74889a71685c6fe5239a6a0046db69cb62516d3fcec04a3a7ea28db282b?s=96&d=mm&r=g\",\"url\":\"https:\\\/\\\/secure.gravatar.com\\\/avatar\\\/1db5e74889a71685c6fe5239a6a0046db69cb62516d3fcec04a3a7ea28db282b?s=96&d=mm&r=g\",\"contentUrl\":\"https:\\\/\\\/secure.gravatar.com\\\/avatar\\\/1db5e74889a71685c6fe5239a6a0046db69cb62516d3fcec04a3a7ea28db282b?s=96&d=mm&r=g\",\"caption\":\"arezki\"},\"sameAs\":[\"http:\\\/\\\/www.m3d53.fr\"],\"url\":\"https:\\\/\\\/relifepc.fr\\\/index.php\\\/author\\\/arezki\\\/\"}]}<\/script>\n<!-- \/ Yoast SEO plugin. -->","yoast_head_json":{"title":"La garantie sur le reconditionn\u00e9 : Tout savoir - Relife PC","description":"La garantie sur le reconditionn\u00e9 est toujours sujet \u00e0 d\u00e9bat. Faisons le point sur la garantie l\u00e9gale de conformit\u00e9 de deux ans.","robots":{"index":"index","follow":"follow","max-snippet":"max-snippet:-1","max-image-preview":"max-image-preview:large","max-video-preview":"max-video-preview:-1"},"canonical":"https:\/\/relifepc.fr\/index.php\/2025\/01\/16\/garantie-reconditionne\/","og_locale":"fr_FR","og_type":"article","og_title":"La garantie sur le reconditionn\u00e9 : Tout savoir - Relife PC","og_description":"La garantie sur le reconditionn\u00e9 est toujours sujet \u00e0 d\u00e9bat. Faisons le point sur la garantie l\u00e9gale de conformit\u00e9 de deux ans.","og_url":"https:\/\/relifepc.fr\/index.php\/2025\/01\/16\/garantie-reconditionne\/","og_site_name":"Relife PC","article_publisher":"https:\/\/www.facebook.com\/relifepclaval","article_published_time":"2025-01-16T16:45:26+00:00","article_modified_time":"2026-03-13T06:06:01+00:00","og_image":[{"width":1200,"height":1200,"url":"https:\/\/relifepc.fr\/wp-content\/uploads\/2025\/01\/Sans-titre1.jpeg","type":"image\/jpeg"}],"author":"arezki","twitter_card":"summary_large_image","twitter_misc":{"\u00c9crit par":"arezki","Dur\u00e9e de lecture estim\u00e9e":"5 minutes"},"schema":{"@context":"https:\/\/schema.org","@graph":[{"@type":"Article","@id":"https:\/\/relifepc.fr\/index.php\/2025\/01\/16\/garantie-reconditionne\/#article","isPartOf":{"@id":"https:\/\/relifepc.fr\/index.php\/2025\/01\/16\/garantie-reconditionne\/"},"author":{"name":"arezki","@id":"https:\/\/www.relifepc.fr\/#\/schema\/person\/005f999fdf814e3309d74b0b01dc5678"},"headline":"La garantie sur le reconditionn\u00e9 : Tout savoir","datePublished":"2025-01-16T16:45:26+00:00","dateModified":"2026-03-13T06:06:01+00:00","mainEntityOfPage":{"@id":"https:\/\/relifepc.fr\/index.php\/2025\/01\/16\/garantie-reconditionne\/"},"wordCount":1069,"commentCount":0,"image":{"@id":"https:\/\/relifepc.fr\/index.php\/2025\/01\/16\/garantie-reconditionne\/#primaryimage"},"thumbnailUrl":"https:\/\/relifepc.fr\/wp-content\/uploads\/2025\/01\/Sans-titre1.jpeg","inLanguage":"fr-FR","potentialAction":[{"@type":"CommentAction","name":"Comment","target":["https:\/\/relifepc.fr\/index.php\/2025\/01\/16\/garantie-reconditionne\/#respond"]}]},{"@type":"WebPage","@id":"https:\/\/relifepc.fr\/index.php\/2025\/01\/16\/garantie-reconditionne\/","url":"https:\/\/relifepc.fr\/index.php\/2025\/01\/16\/garantie-reconditionne\/","name":"La garantie sur le reconditionn\u00e9 : Tout savoir - Relife PC","isPartOf":{"@id":"https:\/\/www.relifepc.fr\/#website"},"primaryImageOfPage":{"@id":"https:\/\/relifepc.fr\/index.php\/2025\/01\/16\/garantie-reconditionne\/#primaryimage"},"image":{"@id":"https:\/\/relifepc.fr\/index.php\/2025\/01\/16\/garantie-reconditionne\/#primaryimage"},"thumbnailUrl":"https:\/\/relifepc.fr\/wp-content\/uploads\/2025\/01\/Sans-titre1.jpeg","datePublished":"2025-01-16T16:45:26+00:00","dateModified":"2026-03-13T06:06:01+00:00","author":{"@id":"https:\/\/www.relifepc.fr\/#\/schema\/person\/005f999fdf814e3309d74b0b01dc5678"},"description":"La garantie sur le reconditionn\u00e9 est toujours sujet \u00e0 d\u00e9bat. Faisons le point sur la garantie l\u00e9gale de conformit\u00e9 de deux ans.","breadcrumb":{"@id":"https:\/\/relifepc.fr\/index.php\/2025\/01\/16\/garantie-reconditionne\/#breadcrumb"},"inLanguage":"fr-FR","potentialAction":[{"@type":"ReadAction","target":["https:\/\/relifepc.fr\/index.php\/2025\/01\/16\/garantie-reconditionne\/"]}]},{"@type":"ImageObject","inLanguage":"fr-FR","@id":"https:\/\/relifepc.fr\/index.php\/2025\/01\/16\/garantie-reconditionne\/#primaryimage","url":"https:\/\/relifepc.fr\/wp-content\/uploads\/2025\/01\/Sans-titre1.jpeg","contentUrl":"https:\/\/relifepc.fr\/wp-content\/uploads\/2025\/01\/Sans-titre1.jpeg","width":1200,"height":1200,"caption":"D\u00e9couvrez nos \u00e9quipements IT reconditionn\u00e9s : une solution \u00e9conomique, \u00e9cologique et couverte par une garantie l\u00e9gale de 2 ans."},{"@type":"BreadcrumbList","@id":"https:\/\/relifepc.fr\/index.php\/2025\/01\/16\/garantie-reconditionne\/#breadcrumb","itemListElement":[{"@type":"ListItem","position":1,"name":"Accueil","item":"https:\/\/relifepc.fr\/"},{"@type":"ListItem","position":2,"name":"La garantie sur le reconditionn\u00e9 : Tout savoir"}]},{"@type":"WebSite","@id":"https:\/\/www.relifepc.fr\/#website","url":"https:\/\/www.relifepc.fr\/","name":"Relife PC","description":"Green is the new geek","potentialAction":[{"@type":"SearchAction","target":{"@type":"EntryPoint","urlTemplate":"https:\/\/www.relifepc.fr\/?s={search_term_string}"},"query-input":{"@type":"PropertyValueSpecification","valueRequired":true,"valueName":"search_term_string"}}],"inLanguage":"fr-FR"},{"@type":"Person","@id":"https:\/\/www.relifepc.fr\/#\/schema\/person\/005f999fdf814e3309d74b0b01dc5678","name":"arezki","image":{"@type":"ImageObject","inLanguage":"fr-FR","@id":"https:\/\/secure.gravatar.com\/avatar\/1db5e74889a71685c6fe5239a6a0046db69cb62516d3fcec04a3a7ea28db282b?s=96&d=mm&r=g","url":"https:\/\/secure.gravatar.com\/avatar\/1db5e74889a71685c6fe5239a6a0046db69cb62516d3fcec04a3a7ea28db282b?s=96&d=mm&r=g","contentUrl":"https:\/\/secure.gravatar.com\/avatar\/1db5e74889a71685c6fe5239a6a0046db69cb62516d3fcec04a3a7ea28db282b?s=96&d=mm&r=g","caption":"arezki"},"sameAs":["http:\/\/www.m3d53.fr"],"url":"https:\/\/relifepc.fr\/index.php\/author\/arezki\/"}]}},"_links":{"self":[{"href":"https:\/\/relifepc.fr\/index.php\/wp-json\/wp\/v2\/posts\/3716","targetHints":{"allow":["GET"]}}],"collection":[{"href":"https:\/\/relifepc.fr\/index.php\/wp-json\/wp\/v2\/posts"}],"about":[{"href":"https:\/\/relifepc.fr\/index.php\/wp-json\/wp\/v2\/types\/post"}],"author":[{"embeddable":true,"href":"https:\/\/relifepc.fr\/index.php\/wp-json\/wp\/v2\/users\/1"}],"replies":[{"embeddable":true,"href":"https:\/\/relifepc.fr\/index.php\/wp-json\/wp\/v2\/comments?post=3716"}],"version-history":[{"count":10,"href":"https:\/\/relifepc.fr\/index.php\/wp-json\/wp\/v2\/posts\/3716\/revisions"}],"predecessor-version":[{"id":3907,"href":"https:\/\/relifepc.fr\/index.php\/wp-json\/wp\/v2\/posts\/3716\/revisions\/3907"}],"wp:featuredmedia":[{"embeddable":true,"href":"https:\/\/relifepc.fr\/index.php\/wp-json\/wp\/v2\/media\/3718"}],"wp:attachment":[{"href":"https:\/\/relifepc.fr\/index.php\/wp-json\/wp\/v2\/media?parent=3716"}],"wp:term":[{"taxonomy":"category","embeddable":true,"href":"https:\/\/relifepc.fr\/index.php\/wp-json\/wp\/v2\/categories?post=3716"},{"taxonomy":"post_tag","embeddable":true,"href":"https:\/\/relifepc.fr\/index.php\/wp-json\/wp\/v2\/tags?post=3716"}],"curies":[{"name":"wp","href":"https:\/\/api.w.org\/{rel}","templated":true}]}}