{"id":1634,"date":"2023-03-13T17:17:35","date_gmt":"2023-03-13T16:17:35","guid":{"rendered":"http:\/\/relifepc.fr\/?p=1634"},"modified":"2024-10-30T16:46:30","modified_gmt":"2024-10-30T15:46:30","slug":"le-digital-clean-up-day","status":"publish","type":"post","link":"https:\/\/relifepc.fr\/index.php\/2023\/03\/13\/le-digital-clean-up-day\/","title":{"rendered":"Le digital clean up day"},"content":{"rendered":"<p>[et_pb_section fb_built=\u00a0\u00bb1&Prime; _builder_version=\u00a0\u00bb4.17.6&Prime; _module_preset=\u00a0\u00bbdefault\u00a0\u00bb global_colors_info=\u00a0\u00bb{}\u00a0\u00bb theme_builder_area=\u00a0\u00bbpost_content\u00a0\u00bb][et_pb_row _builder_version=\u00a0\u00bb4.27.2&Prime; _module_preset=\u00a0\u00bbdefault\u00a0\u00bb custom_margin=\u00a0\u00bb|0px||auto||\u00a0\u00bb custom_padding=\u00a0\u00bb|0px||||\u00a0\u00bb hover_enabled=\u00a0\u00bb0&Prime; global_colors_info=\u00a0\u00bb{}\u00a0\u00bb theme_builder_area=\u00a0\u00bbpost_content\u00a0\u00bb sticky_enabled=\u00a0\u00bb0&Prime;][et_pb_column type=\u00a0\u00bb4_4&Prime; _builder_version=\u00a0\u00bb4.17.6&Prime; _module_preset=\u00a0\u00bbdefault\u00a0\u00bb global_colors_info=\u00a0\u00bb{}\u00a0\u00bb theme_builder_area=\u00a0\u00bbpost_content\u00a0\u00bb][et_pb_post_title _builder_version=\u00a0\u00bb4.20.2&Prime; _module_preset=\u00a0\u00bbdefault\u00a0\u00bb title_font=\u00a0\u00bb|||||on|||\u00a0\u00bb title_text_align=\u00a0\u00bbcenter\u00a0\u00bb title_font_size=\u00a0\u00bb40px\u00a0\u00bb custom_margin=\u00a0\u00bb||29px|||\u00a0\u00bb global_colors_info=\u00a0\u00bb{}\u00a0\u00bb theme_builder_area=\u00a0\u00bbpost_content\u00a0\u00bb][\/et_pb_post_title][et_pb_text _builder_version=\u00a0\u00bb4.20.2&Prime; _module_preset=\u00a0\u00bbdefault\u00a0\u00bb text_font_size=\u00a0\u00bb15px\u00a0\u00bb text_orientation=\u00a0\u00bbjustified\u00a0\u00bb custom_padding=\u00a0\u00bb||0px|||\u00a0\u00bb global_colors_info=\u00a0\u00bb{}\u00a0\u00bb theme_builder_area=\u00a0\u00bbpost_content\u00a0\u00bb]<\/p>\n<p>Le samedi 18 mars prochain aura lieu pour la troisi\u00e8me ann\u00e9e cons\u00e9cutive le <strong>DIGITAL CLEAN UP DAY<\/strong>, en fran\u00e7ais nous pouvons tout simplement le traduire par journ\u00e9e du <strong>nettoyage num\u00e9rique<\/strong>. Pour faire cours c\u2019est une journ\u00e9e de sensibilisation \u00e0 l\u2019<strong>impact environnemental du num\u00e9rique<\/strong>. \u00a0Notre vie num\u00e9rique \u00e0 un impact environnemental non n\u00e9gligeable et cela ne s\u2019arr\u00eate pas aux d\u00e9chets informatiques\u00a0!<\/p>\n<p>[\/et_pb_text][et_pb_divider color=\u00a0\u00bb#A08C7A\u00a0\u00bb divider_style=\u00a0\u00bbdashed\u00a0\u00bb divider_weight=\u00a0\u00bb5px\u00a0\u00bb _builder_version=\u00a0\u00bb4.18.1&Prime; _module_preset=\u00a0\u00bbdefault\u00a0\u00bb custom_margin=\u00a0\u00bb100px||||false|false\u00a0\u00bb global_colors_info=\u00a0\u00bb{}\u00a0\u00bb theme_builder_area=\u00a0\u00bbpost_content\u00a0\u00bb][\/et_pb_divider][et_pb_text _builder_version=\u00a0\u00bb4.20.2&Prime; _module_preset=\u00a0\u00bbdefault\u00a0\u00bb header_2_font=\u00a0\u00bb||||||||\u00a0\u00bb header_2_text_align=\u00a0\u00bbcenter\u00a0\u00bb header_2_text_color=\u00a0\u00bb#3973C2&Prime; header_2_font_size=\u00a0\u00bb25px\u00a0\u00bb text_orientation=\u00a0\u00bbjustified\u00a0\u00bb global_colors_info=\u00a0\u00bb{}\u00a0\u00bb theme_builder_area=\u00a0\u00bbpost_content\u00a0\u00bb]<\/p>\n<h2>L\u2019impact environnemental du num\u00e9rique en chiffres<\/h2>\n<p>&nbsp;<\/p>\n<p>Le num\u00e9rique repr\u00e9sente \u00e0 lui seul chaque ann\u00e9e, <strong>4% des \u00e9missions de CO2 dans le monde<\/strong>, ce chiffre en constante \u00e9volution pourrait doubl\u00e9 dans les ann\u00e9es \u00e0 venir. En France la part atteint les 2% et pourrait plus que tripl\u00e9 d\u2019ici 2040. Pour ce rendre compte de ce que cela repr\u00e9sente, l\u2019aviation civile repr\u00e9sente actuellement environ 3% des \u00e9missions de CO2 annuel. Son<strong> impact carbone<\/strong> n\u2019est donc pas n\u00e9gligeable !<\/p>\n<p>&nbsp;<\/p>\n<h3> La fabrication des objets num\u00e9riques <\/h2>\n<p>&nbsp;<br \/>\nAfin de bien comprendre l\u2019impact d\u2019un objet, il convient de connaitre les donn\u00e9es utilis\u00e9es pour arriver \u00e0 ce r\u00e9sultat. Quand on calcul l\u2019impact d\u2019un objet on tente de calculer le<strong> bilan carbone<\/strong> qu\u2019il aura tout au long de sa vie. Cela commence avec l\u2019extraction des mati\u00e8res premi\u00e8res jusqu\u2019\u00e0 sa fin de vie. Au cours de sa fabrication, est pris en compte particuli\u00e8rement<strong> l\u2019\u00e9nergie<\/strong> et la quantit\u00e9 de mati\u00e8re utilis\u00e9, puis le transport jusqu\u2019au point de vente (bien souvent les objets num\u00e9riques parcours des milliers de kilom\u00e8tres avant d\u2019arriver dans un point de vente). Enfin est pris en<strong> l\u2019utilisation de l\u2019objet<\/strong> et son <strong>traitement en fin de vie<\/strong>. Prenons l\u2019exemple d\u2019un ordinateur portable : au long de son cycle vie il aura \u00e9mit 156 kg de CO2. Sur ses 156 kg, 103kg sont \u00e9mis uniquement lors de sa fabrication. D\u2019ailleurs lors de cette derni\u00e8re, on estime qu\u2019il \u00e0 consommer 240 kg de combustible fossile, 22 kg de produits chimiques et 1,5 tonnes d\u2019eau. Multiplier par le nombre d\u2019ordinateur en circulation \u2026 je vous laisse imaginer <strong>l\u2019impact \u00e9cologique<\/strong> . A eux seuls nos \u00e9quipements repr\u00e9sentent quasiment la moiti\u00e9 de<strong> l\u2019impact carbone du num\u00e9rique dans le monde !<\/strong><br \/>\n&nbsp;<\/p>\n<h3>Internet n&rsquo;est pas en reste<\/h3>\n<p>&nbsp;<br \/>\nNos \u00e9quipements ne sont pas les seuls \u00e0 avoir une <strong>incidence environnementale<\/strong>, internet n\u2019est pas en reste avec un peu plus d\u2019un quart des<strong> \u00e9missions de CO2<\/strong>. Le d\u00e9ploiement d\u2019internet demande des millions de kilom\u00e8tres de c\u00e2bles, et l\u2019installation et l\u2019entretien de l\u2019infrastructure g\u00e9n\u00e8re du CO2. Une grande partie de l\u2019infrastructure est sous-marine et demande de gigantesques ressources pour \u00eatre entretenue et \u00e9voluer.<br \/>\n&nbsp;<\/p>\n<h3>Le dernier quart <\/h3>\n<p>&nbsp;<br \/>\nIl revient aux data center, ses immenses structures, compos\u00e9s de serveurs. Ces derniers ont pour vocation (et pas des moindre) de stocker les donn\u00e9es des utilisateurs du web : mails, photos, vid\u00e9os , jeux, donn\u00e9es administratives \u2026 Les data center ont besoin d\u2019une grande quantit\u00e9 d\u2019\u00e9nergie pour fonctionner. L\u2019\u00e9nergie utilis\u00e9 est majoritairement issu <strong>d\u2019\u00e9nergie fossile et du nucl\u00e9aire<\/strong>. L\u2019h\u00e9bergement des sites web \u00e0 aussi un <strong>impact environnemental <\/strong>non n\u00e9gligeable.[\/et_pb_text][et_pb_image src=\u00a0\u00bbhttps:\/\/relifepc.fr\/wp-content\/uploads\/2023\/03\/Sans-titre-3.svg\u00a0\u00bb alt=\u00a0\u00bbChangement de p\u00e2te thermique\u00a0\u00bb title_text=\u00a0\u00bbSans titre &#8211; 3&Prime; _builder_version=\u00a0\u00bb4.20.2&Prime; _module_preset=\u00a0\u00bbdefault\u00a0\u00bb global_colors_info=\u00a0\u00bb{}\u00a0\u00bb theme_builder_area=\u00a0\u00bbpost_content\u00a0\u00bb][\/et_pb_image][et_pb_divider color=\u00a0\u00bb#A08C7A\u00a0\u00bb divider_style=\u00a0\u00bbdashed\u00a0\u00bb divider_weight=\u00a0\u00bb5px\u00a0\u00bb _builder_version=\u00a0\u00bb4.18.1&Prime; _module_preset=\u00a0\u00bbdefault\u00a0\u00bb custom_margin=\u00a0\u00bb100px||||false|false\u00a0\u00bb custom_padding=\u00a0\u00bb||||false|false\u00a0\u00bb global_colors_info=\u00a0\u00bb{}\u00a0\u00bb theme_builder_area=\u00a0\u00bbpost_content\u00a0\u00bb][\/et_pb_divider][et_pb_text _builder_version=\u00a0\u00bb4.20.2&Prime; _module_preset=\u00a0\u00bbdefault\u00a0\u00bb header_2_font=\u00a0\u00bb||||||||\u00a0\u00bb header_2_text_align=\u00a0\u00bbcenter\u00a0\u00bb header_2_text_color=\u00a0\u00bb#3973C2&Prime; header_2_font_size=\u00a0\u00bb25px\u00a0\u00bb text_orientation=\u00a0\u00bbjustified\u00a0\u00bb custom_margin=\u00a0\u00bb||29px|||\u00a0\u00bb global_colors_info=\u00a0\u00bb{}\u00a0\u00bb theme_builder_area=\u00a0\u00bbpost_content\u00a0\u00bb]<\/p>\n<h2>R\u00e9duire l\u2019impact carbone de notre mat\u00e9riel<\/h2>\n<p>&nbsp;<\/p>\n<p>Comme expliqu\u00e9 plus haut la moiti\u00e9 des <strong>\u00e9missions de CO2 <\/strong>sont dues \u00e0 la fabrication et \u00e0 l\u2019utilisation du mat\u00e9riel. En choisissant notre mat\u00e9riel en fonction de notre usage nous contribuons \u00e0 <strong>r\u00e9duire nos \u00e9missions de CO2<\/strong>. Certains ordinateurs \u00e9mettent moins de CO2 que d&rsquo;autre, par exemple plus il sera l\u00e9ger, moins sa fabrication aura demand\u00e9 de ressources, ainsi un ordinateur portable \u00e0 un<strong> impact carbone <\/strong>moindre qu\u2019une tour d\u2019ordinateur. Il faut \u00e9galement r\u00e9fl\u00e9chir \u00e0 la <strong>dur\u00e9e de vie<\/strong> de nos \u00e9quipements et se renseigner si l\u2019\u00e9quipement sera \u00e9volutif ou non dans le temps. Prendre son temps et r\u00e9fl\u00e9chir avant d\u2019acheter.<\/p>\n<p><strong>Augmenter la dur\u00e9e de vie <\/strong>de notre mat\u00e9riel est aussi un bon moyen de r\u00e9duire son impact. La <strong>r\u00e9paration <\/strong>est un moyen de faire durer plus longtemps son mat\u00e9riel. Il faut \u00e9galement <strong>lutter contre l\u2019obsolescence culturelle<\/strong> qui vise \u00e0 avoir toujours le dernier mod\u00e8le \u00e0 la mode. Actuellement, nos \u00e9quipement sont trop souvent renouvel\u00e9s, pour limiter leur impact, nous devrions les garder plus de 4 ans. En entretenant correctement ses \u00e9quipements, nous prolongeons \u00e9galement leur dur\u00e9e de vie.<\/p>\n<p>Enfin pensez au <strong>r\u00e9emploi <\/strong>lorsque vos objets ne sont plus utiles, souvent fonctionnels, ils peuvent resservir \u00e0 d\u2019autres. Le reconditionn\u00e9 est aussi une excellente alternative pour<strong> limiter notre empreinte carbone.<\/strong><\/p>\n<p>&nbsp;<\/p>\n<h2>Diminuer l&#8217;empreinte carbone de nos produits num\u00e9riques<\/h2>\n<p>&nbsp;<\/p>\n<p>Des petits gestes simples peuvent participer \u00e0 la<strong> diminution de l&#8217;empreinte carbone<\/strong> de nos objets num\u00e9riques. En premier lieu faire attention \u00e0 la <strong>consommation <\/strong>de nos \u00e9quipements, en pensant \u00e0 les \u00e9teindre lorsqu&rsquo;ils ne sont pas utilis\u00e9s. En second lieu, faire attention au <strong>stockage de nos donn\u00e9es<\/strong> non utilis\u00e9s, pensez \u00e0 supprimer les mails non utiles, les photos en double, stocker vos donn\u00e9es localement plut\u00f4t que dans le cloud &#8230; Alors profitons du <strong> digital clean up day<\/strong>pour trier nos donn\u00e9es inutiles et pourquoi pas r\u00e9fl\u00e9chir \u00e0 un autre mode de stockage.  Les NAS peuvent \u00eatre une bonne alternative plus <strong>respectueuse de l&rsquo;environnement<\/strong>au <strong>stockage de vos donn\u00e9es<\/strong>.<\/p>\n<p>[\/et_pb_text][et_pb_divider color=\u00a0\u00bb#A08C7A\u00a0\u00bb divider_style=\u00a0\u00bbdashed\u00a0\u00bb divider_weight=\u00a0\u00bb5px\u00a0\u00bb _builder_version=\u00a0\u00bb4.18.1&Prime; _module_preset=\u00a0\u00bbdefault\u00a0\u00bb custom_margin=\u00a0\u00bb100px||||false|false\u00a0\u00bb global_colors_info=\u00a0\u00bb{}\u00a0\u00bb theme_builder_area=\u00a0\u00bbpost_content\u00a0\u00bb][\/et_pb_divider][et_pb_text _builder_version=\u00a0\u00bb4.20.2&Prime; _module_preset=\u00a0\u00bbdefault\u00a0\u00bb custom_margin=\u00a0\u00bb-17px|||||\u00a0\u00bb global_colors_info=\u00a0\u00bb{}\u00a0\u00bb theme_builder_area=\u00a0\u00bbpost_content\u00a0\u00bb]Internet \u00e0 r\u00e9volutionn\u00e9 nos vies, nous avons acc\u00e8s \u00e0 l\u2019information en temps r\u00e9el, chacun a acc\u00e8s \u00e0 la culture, au divertissement en restant chez soi. Les r\u00e9seaux sociaux, nous permettent de partager et d\u2019\u00eatre en contact avec nos proches. Les conditions de travail ont \u00e9galement put \u00eatre am\u00e9lior\u00e9 gr\u00e2ce au num\u00e9rique. Mais toutes ses avanc\u00e9s et am\u00e9liorations de nos modes de vie ne sont pas sans <strong> cons\u00e9quence sur l\u2019environnement  <\/strong>et il est important d\u2019en avoir conscience, afin d\u2019am\u00e9liorer nos usages et notre rapport au num\u00e9rique. Les efforts de chacun, peuvent <strong> limiter l\u2019impact carbone du num\u00e9rique <\/strong>, cependant cela ne sera pas suffisant si le travail n\u2019est pas fait en amont, pour rappel 50% de l\u2019impact carbone provient de la fabrication de nos \u00e9quipement et 25% des infrastructures distribuant internet. Nous consommateurs pouvons \u0153uvrer \u00e0 notre niveau, et profiter du <strong>digital clean up day<\/strong> pour faire un geste positif pour la plan\u00e8te. Cependant, 75% de l\u2019impact carbone n\u2019est pas du \u00e0 l\u2019usage du consommateur final mais \u00e0 la fabrication par les industriels objets num\u00e9riques ainsi qu&rsquo;a l&rsquo;infrastructure d&rsquo;internet ! L\u2019industrie du num\u00e9rique doit pr\u00e9parer de toute urgence sa  <strong>transition <\/strong> afin que nos petits gestes ai un sens ![\/et_pb_text][\/et_pb_column][\/et_pb_row][\/et_pb_section][et_pb_section fb_built=\u00a0\u00bb1&Prime; _builder_version=\u00a0\u00bb4.17.6&Prime; _module_preset=\u00a0\u00bbdefault\u00a0\u00bb global_colors_info=\u00a0\u00bb{}\u00a0\u00bb theme_builder_area=\u00a0\u00bbpost_content\u00a0\u00bb][\/et_pb_section]<\/p>\n","protected":false},"excerpt":{"rendered":"<p>Le samedi 18 mars prochain aura lieu pour la troisi\u00e8me ann\u00e9e cons\u00e9cutive le DIGITAL CLEAN UP DAY, en fran\u00e7ais nous pouvons tout simplement le traduire par journ\u00e9e du nettoyage num\u00e9rique. Pour faire cours c\u2019est une journ\u00e9e de sensibilisation \u00e0 l\u2019impact environnemental du num\u00e9rique. \u00a0Notre vie num\u00e9rique \u00e0 un impact environnemental non n\u00e9gligeable et cela ne [&hellip;]<\/p>\n","protected":false},"author":2,"featured_media":1623,"comment_status":"open","ping_status":"open","sticky":false,"template":"","format":"standard","meta":{"_et_pb_use_builder":"on","_et_pb_old_content":"","_et_gb_content_width":"","inline_featured_image":false,"footnotes":""},"categories":[13,49,46],"tags":[59,58,57],"class_list":["post-1634","post","type-post","status-publish","format-standard","has-post-thumbnail","hentry","category-economie-circulaire","category-numerique-responsable","category-reparation-informatique","tag-nettoyage","tag-nsable","tag-numerique-respo"],"yoast_head":"<!-- This site is optimized with the Yoast SEO plugin v27.4 - https:\/\/yoast.com\/product\/yoast-seo-wordpress\/ -->\n<title>Le digital clean up day - Relife PC<\/title>\n<meta name=\"description\" content=\"Le 18 mars, c&#039;est le digital clean up day : journ\u00e9e de sensibilisation du grand public \u00e0 la question de l&#039;empreinte carbone de nos produits num\u00e9riques.\" \/>\n<meta name=\"robots\" content=\"index, follow, max-snippet:-1, max-image-preview:large, max-video-preview:-1\" \/>\n<link rel=\"canonical\" href=\"https:\/\/relifepc.fr\/index.php\/2023\/03\/13\/le-digital-clean-up-day\/\" \/>\n<meta property=\"og:locale\" content=\"fr_FR\" \/>\n<meta property=\"og:type\" content=\"article\" \/>\n<meta property=\"og:title\" content=\"Le digital clean up day - Relife PC\" \/>\n<meta property=\"og:description\" content=\"Le 18 mars, c&#039;est le digital clean up day : journ\u00e9e de sensibilisation du grand public \u00e0 la question de l&#039;empreinte carbone de nos produits num\u00e9riques.\" \/>\n<meta property=\"og:url\" content=\"https:\/\/relifepc.fr\/index.php\/2023\/03\/13\/le-digital-clean-up-day\/\" \/>\n<meta property=\"og:site_name\" content=\"Relife PC\" \/>\n<meta property=\"article:publisher\" content=\"https:\/\/www.facebook.com\/relifepclaval\" \/>\n<meta property=\"article:published_time\" content=\"2023-03-13T16:17:35+00:00\" \/>\n<meta property=\"article:modified_time\" content=\"2024-10-30T15:46:30+00:00\" \/>\n<meta name=\"author\" content=\"Cindy Maachou\" \/>\n<meta name=\"twitter:card\" content=\"summary_large_image\" \/>\n<meta name=\"twitter:label1\" content=\"\u00c9crit par\" \/>\n\t<meta name=\"twitter:data1\" content=\"Cindy Maachou\" \/>\n\t<meta name=\"twitter:label2\" content=\"Dur\u00e9e de lecture estim\u00e9e\" \/>\n\t<meta name=\"twitter:data2\" content=\"5 minutes\" \/>\n<script type=\"application\/ld+json\" class=\"yoast-schema-graph\">{\"@context\":\"https:\\\/\\\/schema.org\",\"@graph\":[{\"@type\":\"Article\",\"@id\":\"https:\\\/\\\/relifepc.fr\\\/index.php\\\/2023\\\/03\\\/13\\\/le-digital-clean-up-day\\\/#article\",\"isPartOf\":{\"@id\":\"https:\\\/\\\/relifepc.fr\\\/index.php\\\/2023\\\/03\\\/13\\\/le-digital-clean-up-day\\\/\"},\"author\":{\"name\":\"Cindy Maachou\",\"@id\":\"https:\\\/\\\/www.relifepc.fr\\\/#\\\/schema\\\/person\\\/16e23072a591016aea2e11f2f3b89c94\"},\"headline\":\"Le digital clean up day\",\"datePublished\":\"2023-03-13T16:17:35+00:00\",\"dateModified\":\"2024-10-30T15:46:30+00:00\",\"mainEntityOfPage\":{\"@id\":\"https:\\\/\\\/relifepc.fr\\\/index.php\\\/2023\\\/03\\\/13\\\/le-digital-clean-up-day\\\/\"},\"wordCount\":1522,\"commentCount\":1,\"image\":{\"@id\":\"https:\\\/\\\/relifepc.fr\\\/index.php\\\/2023\\\/03\\\/13\\\/le-digital-clean-up-day\\\/#primaryimage\"},\"thumbnailUrl\":\"https:\\\/\\\/relifepc.fr\\\/wp-content\\\/uploads\\\/2023\\\/03\\\/ARTICLE-BLOG.svg\",\"keywords\":[\"nettoyage\",\"nsable\",\"num\u00e9rique respo\"],\"articleSection\":[\"Economie circulaire\",\"Num\u00e9rique Responsable\",\"R\u00e9paration informatique\"],\"inLanguage\":\"fr-FR\",\"potentialAction\":[{\"@type\":\"CommentAction\",\"name\":\"Comment\",\"target\":[\"https:\\\/\\\/relifepc.fr\\\/index.php\\\/2023\\\/03\\\/13\\\/le-digital-clean-up-day\\\/#respond\"]}]},{\"@type\":\"WebPage\",\"@id\":\"https:\\\/\\\/relifepc.fr\\\/index.php\\\/2023\\\/03\\\/13\\\/le-digital-clean-up-day\\\/\",\"url\":\"https:\\\/\\\/relifepc.fr\\\/index.php\\\/2023\\\/03\\\/13\\\/le-digital-clean-up-day\\\/\",\"name\":\"Le digital clean up day - Relife PC\",\"isPartOf\":{\"@id\":\"https:\\\/\\\/www.relifepc.fr\\\/#website\"},\"primaryImageOfPage\":{\"@id\":\"https:\\\/\\\/relifepc.fr\\\/index.php\\\/2023\\\/03\\\/13\\\/le-digital-clean-up-day\\\/#primaryimage\"},\"image\":{\"@id\":\"https:\\\/\\\/relifepc.fr\\\/index.php\\\/2023\\\/03\\\/13\\\/le-digital-clean-up-day\\\/#primaryimage\"},\"thumbnailUrl\":\"https:\\\/\\\/relifepc.fr\\\/wp-content\\\/uploads\\\/2023\\\/03\\\/ARTICLE-BLOG.svg\",\"datePublished\":\"2023-03-13T16:17:35+00:00\",\"dateModified\":\"2024-10-30T15:46:30+00:00\",\"author\":{\"@id\":\"https:\\\/\\\/www.relifepc.fr\\\/#\\\/schema\\\/person\\\/16e23072a591016aea2e11f2f3b89c94\"},\"description\":\"Le 18 mars, c'est le digital clean up day : journ\u00e9e de sensibilisation du grand public \u00e0 la question de l'empreinte carbone de nos produits num\u00e9riques.\",\"breadcrumb\":{\"@id\":\"https:\\\/\\\/relifepc.fr\\\/index.php\\\/2023\\\/03\\\/13\\\/le-digital-clean-up-day\\\/#breadcrumb\"},\"inLanguage\":\"fr-FR\",\"potentialAction\":[{\"@type\":\"ReadAction\",\"target\":[\"https:\\\/\\\/relifepc.fr\\\/index.php\\\/2023\\\/03\\\/13\\\/le-digital-clean-up-day\\\/\"]}]},{\"@type\":\"ImageObject\",\"inLanguage\":\"fr-FR\",\"@id\":\"https:\\\/\\\/relifepc.fr\\\/index.php\\\/2023\\\/03\\\/13\\\/le-digital-clean-up-day\\\/#primaryimage\",\"url\":\"https:\\\/\\\/relifepc.fr\\\/wp-content\\\/uploads\\\/2023\\\/03\\\/ARTICLE-BLOG.svg\",\"contentUrl\":\"https:\\\/\\\/relifepc.fr\\\/wp-content\\\/uploads\\\/2023\\\/03\\\/ARTICLE-BLOG.svg\",\"caption\":\"Digital clan up day\"},{\"@type\":\"BreadcrumbList\",\"@id\":\"https:\\\/\\\/relifepc.fr\\\/index.php\\\/2023\\\/03\\\/13\\\/le-digital-clean-up-day\\\/#breadcrumb\",\"itemListElement\":[{\"@type\":\"ListItem\",\"position\":1,\"name\":\"Accueil\",\"item\":\"https:\\\/\\\/relifepc.fr\\\/\"},{\"@type\":\"ListItem\",\"position\":2,\"name\":\"Le digital clean up day\"}]},{\"@type\":\"WebSite\",\"@id\":\"https:\\\/\\\/www.relifepc.fr\\\/#website\",\"url\":\"https:\\\/\\\/www.relifepc.fr\\\/\",\"name\":\"Relife PC\",\"description\":\"Green is the new geek\",\"potentialAction\":[{\"@type\":\"SearchAction\",\"target\":{\"@type\":\"EntryPoint\",\"urlTemplate\":\"https:\\\/\\\/www.relifepc.fr\\\/?s={search_term_string}\"},\"query-input\":{\"@type\":\"PropertyValueSpecification\",\"valueRequired\":true,\"valueName\":\"search_term_string\"}}],\"inLanguage\":\"fr-FR\"},{\"@type\":\"Person\",\"@id\":\"https:\\\/\\\/www.relifepc.fr\\\/#\\\/schema\\\/person\\\/16e23072a591016aea2e11f2f3b89c94\",\"name\":\"Cindy Maachou\",\"image\":{\"@type\":\"ImageObject\",\"inLanguage\":\"fr-FR\",\"@id\":\"https:\\\/\\\/secure.gravatar.com\\\/avatar\\\/96f5a00a889d663df5ebd90ab5f859da1a842a1586edc6adc08fbe7dcc195b3a?s=96&d=mm&r=g\",\"url\":\"https:\\\/\\\/secure.gravatar.com\\\/avatar\\\/96f5a00a889d663df5ebd90ab5f859da1a842a1586edc6adc08fbe7dcc195b3a?s=96&d=mm&r=g\",\"contentUrl\":\"https:\\\/\\\/secure.gravatar.com\\\/avatar\\\/96f5a00a889d663df5ebd90ab5f859da1a842a1586edc6adc08fbe7dcc195b3a?s=96&d=mm&r=g\",\"caption\":\"Cindy Maachou\"},\"sameAs\":[\"http:\\\/\\\/relifepc.fr\",\"https:\\\/\\\/www.linkedin.com\\\/in\\\/cindy-maachou-361341207\\\/\"],\"url\":\"https:\\\/\\\/relifepc.fr\\\/index.php\\\/author\\\/cindy\\\/\"}]}<\/script>\n<!-- \/ Yoast SEO plugin. -->","yoast_head_json":{"title":"Le digital clean up day - Relife PC","description":"Le 18 mars, c'est le digital clean up day : journ\u00e9e de sensibilisation du grand public \u00e0 la question de l'empreinte carbone de nos produits num\u00e9riques.","robots":{"index":"index","follow":"follow","max-snippet":"max-snippet:-1","max-image-preview":"max-image-preview:large","max-video-preview":"max-video-preview:-1"},"canonical":"https:\/\/relifepc.fr\/index.php\/2023\/03\/13\/le-digital-clean-up-day\/","og_locale":"fr_FR","og_type":"article","og_title":"Le digital clean up day - Relife PC","og_description":"Le 18 mars, c'est le digital clean up day : journ\u00e9e de sensibilisation du grand public \u00e0 la question de l'empreinte carbone de nos produits num\u00e9riques.","og_url":"https:\/\/relifepc.fr\/index.php\/2023\/03\/13\/le-digital-clean-up-day\/","og_site_name":"Relife PC","article_publisher":"https:\/\/www.facebook.com\/relifepclaval","article_published_time":"2023-03-13T16:17:35+00:00","article_modified_time":"2024-10-30T15:46:30+00:00","author":"Cindy Maachou","twitter_card":"summary_large_image","twitter_misc":{"\u00c9crit par":"Cindy Maachou","Dur\u00e9e de lecture estim\u00e9e":"5 minutes"},"schema":{"@context":"https:\/\/schema.org","@graph":[{"@type":"Article","@id":"https:\/\/relifepc.fr\/index.php\/2023\/03\/13\/le-digital-clean-up-day\/#article","isPartOf":{"@id":"https:\/\/relifepc.fr\/index.php\/2023\/03\/13\/le-digital-clean-up-day\/"},"author":{"name":"Cindy Maachou","@id":"https:\/\/www.relifepc.fr\/#\/schema\/person\/16e23072a591016aea2e11f2f3b89c94"},"headline":"Le digital clean up day","datePublished":"2023-03-13T16:17:35+00:00","dateModified":"2024-10-30T15:46:30+00:00","mainEntityOfPage":{"@id":"https:\/\/relifepc.fr\/index.php\/2023\/03\/13\/le-digital-clean-up-day\/"},"wordCount":1522,"commentCount":1,"image":{"@id":"https:\/\/relifepc.fr\/index.php\/2023\/03\/13\/le-digital-clean-up-day\/#primaryimage"},"thumbnailUrl":"https:\/\/relifepc.fr\/wp-content\/uploads\/2023\/03\/ARTICLE-BLOG.svg","keywords":["nettoyage","nsable","num\u00e9rique respo"],"articleSection":["Economie circulaire","Num\u00e9rique Responsable","R\u00e9paration informatique"],"inLanguage":"fr-FR","potentialAction":[{"@type":"CommentAction","name":"Comment","target":["https:\/\/relifepc.fr\/index.php\/2023\/03\/13\/le-digital-clean-up-day\/#respond"]}]},{"@type":"WebPage","@id":"https:\/\/relifepc.fr\/index.php\/2023\/03\/13\/le-digital-clean-up-day\/","url":"https:\/\/relifepc.fr\/index.php\/2023\/03\/13\/le-digital-clean-up-day\/","name":"Le digital clean up day - Relife PC","isPartOf":{"@id":"https:\/\/www.relifepc.fr\/#website"},"primaryImageOfPage":{"@id":"https:\/\/relifepc.fr\/index.php\/2023\/03\/13\/le-digital-clean-up-day\/#primaryimage"},"image":{"@id":"https:\/\/relifepc.fr\/index.php\/2023\/03\/13\/le-digital-clean-up-day\/#primaryimage"},"thumbnailUrl":"https:\/\/relifepc.fr\/wp-content\/uploads\/2023\/03\/ARTICLE-BLOG.svg","datePublished":"2023-03-13T16:17:35+00:00","dateModified":"2024-10-30T15:46:30+00:00","author":{"@id":"https:\/\/www.relifepc.fr\/#\/schema\/person\/16e23072a591016aea2e11f2f3b89c94"},"description":"Le 18 mars, c'est le digital clean up day : journ\u00e9e de sensibilisation du grand public \u00e0 la question de l'empreinte carbone de nos produits num\u00e9riques.","breadcrumb":{"@id":"https:\/\/relifepc.fr\/index.php\/2023\/03\/13\/le-digital-clean-up-day\/#breadcrumb"},"inLanguage":"fr-FR","potentialAction":[{"@type":"ReadAction","target":["https:\/\/relifepc.fr\/index.php\/2023\/03\/13\/le-digital-clean-up-day\/"]}]},{"@type":"ImageObject","inLanguage":"fr-FR","@id":"https:\/\/relifepc.fr\/index.php\/2023\/03\/13\/le-digital-clean-up-day\/#primaryimage","url":"https:\/\/relifepc.fr\/wp-content\/uploads\/2023\/03\/ARTICLE-BLOG.svg","contentUrl":"https:\/\/relifepc.fr\/wp-content\/uploads\/2023\/03\/ARTICLE-BLOG.svg","caption":"Digital clan up day"},{"@type":"BreadcrumbList","@id":"https:\/\/relifepc.fr\/index.php\/2023\/03\/13\/le-digital-clean-up-day\/#breadcrumb","itemListElement":[{"@type":"ListItem","position":1,"name":"Accueil","item":"https:\/\/relifepc.fr\/"},{"@type":"ListItem","position":2,"name":"Le digital clean up day"}]},{"@type":"WebSite","@id":"https:\/\/www.relifepc.fr\/#website","url":"https:\/\/www.relifepc.fr\/","name":"Relife PC","description":"Green is the new geek","potentialAction":[{"@type":"SearchAction","target":{"@type":"EntryPoint","urlTemplate":"https:\/\/www.relifepc.fr\/?s={search_term_string}"},"query-input":{"@type":"PropertyValueSpecification","valueRequired":true,"valueName":"search_term_string"}}],"inLanguage":"fr-FR"},{"@type":"Person","@id":"https:\/\/www.relifepc.fr\/#\/schema\/person\/16e23072a591016aea2e11f2f3b89c94","name":"Cindy Maachou","image":{"@type":"ImageObject","inLanguage":"fr-FR","@id":"https:\/\/secure.gravatar.com\/avatar\/96f5a00a889d663df5ebd90ab5f859da1a842a1586edc6adc08fbe7dcc195b3a?s=96&d=mm&r=g","url":"https:\/\/secure.gravatar.com\/avatar\/96f5a00a889d663df5ebd90ab5f859da1a842a1586edc6adc08fbe7dcc195b3a?s=96&d=mm&r=g","contentUrl":"https:\/\/secure.gravatar.com\/avatar\/96f5a00a889d663df5ebd90ab5f859da1a842a1586edc6adc08fbe7dcc195b3a?s=96&d=mm&r=g","caption":"Cindy Maachou"},"sameAs":["http:\/\/relifepc.fr","https:\/\/www.linkedin.com\/in\/cindy-maachou-361341207\/"],"url":"https:\/\/relifepc.fr\/index.php\/author\/cindy\/"}]}},"_links":{"self":[{"href":"https:\/\/relifepc.fr\/index.php\/wp-json\/wp\/v2\/posts\/1634","targetHints":{"allow":["GET"]}}],"collection":[{"href":"https:\/\/relifepc.fr\/index.php\/wp-json\/wp\/v2\/posts"}],"about":[{"href":"https:\/\/relifepc.fr\/index.php\/wp-json\/wp\/v2\/types\/post"}],"author":[{"embeddable":true,"href":"https:\/\/relifepc.fr\/index.php\/wp-json\/wp\/v2\/users\/2"}],"replies":[{"embeddable":true,"href":"https:\/\/relifepc.fr\/index.php\/wp-json\/wp\/v2\/comments?post=1634"}],"version-history":[{"count":10,"href":"https:\/\/relifepc.fr\/index.php\/wp-json\/wp\/v2\/posts\/1634\/revisions"}],"predecessor-version":[{"id":2996,"href":"https:\/\/relifepc.fr\/index.php\/wp-json\/wp\/v2\/posts\/1634\/revisions\/2996"}],"wp:featuredmedia":[{"embeddable":true,"href":"https:\/\/relifepc.fr\/index.php\/wp-json\/wp\/v2\/media\/1623"}],"wp:attachment":[{"href":"https:\/\/relifepc.fr\/index.php\/wp-json\/wp\/v2\/media?parent=1634"}],"wp:term":[{"taxonomy":"category","embeddable":true,"href":"https:\/\/relifepc.fr\/index.php\/wp-json\/wp\/v2\/categories?post=1634"},{"taxonomy":"post_tag","embeddable":true,"href":"https:\/\/relifepc.fr\/index.php\/wp-json\/wp\/v2\/tags?post=1634"}],"curies":[{"name":"wp","href":"https:\/\/api.w.org\/{rel}","templated":true}]}}